{"id":7683,"date":"2019-07-09T20:06:58","date_gmt":"2019-07-09T18:06:58","guid":{"rendered":"https:\/\/dev.patrizia.foundation\/first-summer-party-of-the-patrizia-children-foundation\/"},"modified":"2022-05-20T15:12:51","modified_gmt":"2022-05-20T13:12:51","slug":"first-summer-party-of-the-patrizia-children-foundation","status":"publish","type":"post","link":"https:\/\/www.patrizia.foundation\/en\/first-summer-party-of-the-patrizia-children-foundation\/","title":{"rendered":"First summer party of the PATRIZIA Foundation"},"content":{"rendered":"<div class=\"et_d4_element et_pb_section et_pb_section_0  et_pb_css_mix_blend_mode et_section_regular et_block_section\" >\n\t\t\t\t\n\t\t\t\t\n\t\t\t\t\n\t\t\t\t\n\t\t\t\t\n\t\t\t\t\n\t\t\t\t<div class=\"et_d4_element et_pb_row et_pb_row_0  et_pb_css_mix_blend_mode et_block_row\">\n\t\t\t\t<div class=\"et_d4_element et_pb_column_4_4 et_pb_column et_pb_column_0  et_pb_css_mix_blend_mode et-last-child et_block_column\">\n\t\t\t\t\n\t\t\t\t\n\t\t\t\t\n\t\t\t\t\n\t\t\t\t<div class=\"et_pb_module et_d4_element et_pb_text et_pb_text_0  et_pb_text_align_left et_pb_bg_layout_light\">\n\t\t\t\t\n\t\t\t\t\n\t\t\t\t\n\t\t\t\t\n\t\t\t\t<div class=\"et_pb_text_inner\"><p><strong>On July 9, the PATRIZIA Foundation invited\u00a0<\/strong><a href=\"https:\/\/www.patrizia.foundation\/en\/sponsorcircle\/\"><strong>Sponsor Circle Members<\/strong><\/a><strong>, PATRIZIAns and friends of the Foundation to attend a summer party on the roof terrace of the PATRIZIA AG in Augsburg. Foundation board member Sabine Schillinger-K\u00f6hne, who had just returned from a trip to southern India, described to the 40 guests her impressions of Porayar. This is where the PATRIZIA Foundation recently opened its 17.\u00a0facility, a home for girls from broken families who are either half or full orphans.<\/strong><\/p>\n<p>The PATRIZIA Foundation used the occasion to again thank all its sponsors, PATRIZIA members and friends of the foundation: Thanks for the donations, for the support, the time and knowledge. Together we help children around the world by building schools, hospitals and homes.<\/p><\/div>\n\t\t\t<\/div>\n\t\t\t<\/div>\n\t\t\t\t\n\t\t\t\t\n\t\t\t\t\n\t\t\t\t\n\t\t\t<\/div><div class=\"et_d4_element et_pb_row et_pb_row_1  et_pb_css_mix_blend_mode et_block_row\">\n\t\t\t\t<div class=\"et_d4_element et_pb_column_1_2 et_pb_column et_pb_column_1  et_pb_css_mix_blend_mode et_block_column\">\n\t\t\t\t\n\t\t\t\t\n\t\t\t\t\n\t\t\t\t\n\t\t\t\t<div class=\"et_pb_module et_d4_element et_pb_text et_pb_text_1  et_pb_text_align_left et_pb_bg_layout_light\">\n\t\t\t\t\n\t\t\t\t\n\t\t\t\t\n\t\t\t\t\n\t\t\t\t<div class=\"et_pb_text_inner\"><h2><span style=\"font-family: 'EB Garamond Regular'; font-weight: normal;\">Sending help around the world<\/span><\/h2><\/div>\n\t\t\t<\/div>\n\t\t\t<\/div><div class=\"et_d4_element et_pb_column_1_2 et_pb_column et_pb_column_2  et_pb_css_mix_blend_mode et-last-child et_block_column\">\n\t\t\t\t\n\t\t\t\t\n\t\t\t\t\n\t\t\t\t\n\t\t\t\t<div class=\"et_pb_module et_d4_element et_pb_text et_pb_text_2  et_pb_text_align_left et_pb_bg_layout_light\">\n\t\t\t\t\n\t\t\t\t\n\t\t\t\t\n\t\t\t\t\n\t\t\t\t\n\t\t\t<\/div>\n\t\t\t<\/div>\n\t\t\t\t\n\t\t\t\t\n\t\t\t\t\n\t\t\t\t\n\t\t\t<\/div><div class=\"et_d4_element et_pb_row et_pb_row_2  et_pb_css_mix_blend_mode et_block_row\">\n\t\t\t\t<div class=\"et_d4_element et_pb_column_1_2 et_pb_column et_pb_column_3  et_pb_css_mix_blend_mode et_block_column\">\n\t\t\t\t\n\t\t\t\t\n\t\t\t\t\n\t\t\t\t\n\t\t\t\t<div class=\"et_pb_module et_d4_element et_pb_text et_pb_text_3  et_pb_text_align_left et_pb_bg_layout_light\">\n\t\t\t\t\n\t\t\t\t\n\t\t\t\t\n\t\t\t\t\n\t\t\t\t<div class=\"et_pb_text_inner\"><p>Foundation board member Sabine Schillinger-K\u00f6hne travelled to Porayar for the opening of the 17. PATRIZIA KinderHaus facility. The newly opened girls\u2019 dormitory provides a safe home for 280 girls whose circumstances no longer allow them to live with their family. The girls attend the neighbouring school and strive to attain higher education after graduation.<\/p>\n<p>Schillinger-K\u00f6hne engaged in many conversations with the girls and the new project partner ELM (<a href=\"https:\/\/www.elm-mission.net\/startseite.html\">Evangelical Lutheran Mission Work in Lower Saxony<\/a>) on site and gained an insight into the structured daily life of the home. The ceremonial opening of the girls\u2019 home was the highlight of her visit.<\/p><\/div>\n\t\t\t<\/div>\n\t\t\t<\/div><div class=\"et_d4_element et_pb_column_1_2 et_pb_column et_pb_column_4  et_pb_css_mix_blend_mode et-last-child et_block_column\">\n\t\t\t\t\n\t\t\t\t\n\t\t\t\t\n\t\t\t\t\n\t\t\t\t<div class=\"et_pb_module et_d4_element et_pb_image et_pb_image_0\">\n\t\t\t\t\n\t\t\t\t\n\t\t\t\t\n\t\t\t\t\n\t\t\t\t<span class=\"et_pb_image_wrap \"><img decoding=\"async\" src=\"https:\/\/www.patrizia.foundation\/wp-content\/uploads\/\/patrizia-sommerfest-1603-1024x681.jpg\" alt=\"\" title=\"\" \/><\/span>\n\t\t\t<\/div>\n\t\t\t<\/div>\n\t\t\t\t\n\t\t\t\t\n\t\t\t\t\n\t\t\t\t\n\t\t\t<\/div><div class=\"et_d4_element et_pb_row et_pb_row_3  et_pb_css_mix_blend_mode et_block_row\">\n\t\t\t\t<div class=\"et_d4_element et_pb_column_4_4 et_pb_column et_pb_column_5  et_pb_css_mix_blend_mode et-last-child et_block_column\">\n\t\t\t\t\n\t\t\t\t\n\t\t\t\t\n\t\t\t\t\n\t\t\t\t<div class=\"et_pb_module et_d4_element et_pb_text et_pb_text_4  et_pb_text_align_left et_pb_bg_layout_light\">\n\t\t\t\t\n\t\t\t\t\n\t\t\t\t\n\t\t\t\t\n\t\t\t\t<div class=\"et_pb_text_inner\"><h2><span style=\"font-family: 'EB Garamond Regular'; font-weight: normal;\">India in Augsburg<\/span><\/h2><\/div>\n\t\t\t<\/div><div class=\"et_pb_module et_d4_element et_pb_text et_pb_text_5  et_pb_text_align_left et_pb_bg_layout_light\">\n\t\t\t\t\n\t\t\t\t\n\t\t\t\t\n\t\t\t\t\n\t\t\t\t<div class=\"et_pb_text_inner\"><p>The delicious menu and the colourful decoration gave an Indian flair to the roof terrace. After\u00a0<a href=\"https:\/\/www.patrizia.foundation\/en\/project\/patrizia-child-care-porayar-india\/\">Schillinger-K\u00f6hne\u2019s report<\/a>\u00a0a short film was screened highlighting the work of the foundation in southern India. During the party, the guests enjoyed intense discussions and used the time to network. The first summer party of the PATRIZIA Foundation was a delightful and insightful evening enjoyed by all.<\/p><\/div>\n\t\t\t<\/div>\n\t\t\t<\/div>\n\t\t\t\t\n\t\t\t\t\n\t\t\t\t\n\t\t\t\t\n\t\t\t<\/div><div class=\"et_d4_element et_pb_row et_pb_row_4  et_pb_css_mix_blend_mode et_block_row\">\n\t\t\t\t<div class=\"et_d4_element et_pb_column_4_4 et_pb_column et_pb_column_6  et_pb_css_mix_blend_mode et-last-child et_block_column\">\n\t\t\t\t\n\t\t\t\t\n\t\t\t\t\n\t\t\t\t\n\t\t\t\t<div class=\"et_pb_module et_d4_element et_pb_text et_pb_text_6  et_pb_text_align_left et_pb_bg_layout_light\">\n\t\t\t\t\n\t\t\t\t\n\t\t\t\t\n\t\t\t\t\n\t\t\t\t<div class=\"et_pb_text_inner\"><h2><span style=\"font-family: 'EB Garamond Regular'; font-weight: normal;\">Impressions<\/span><\/h2><\/div>\n\t\t\t<\/div><div class=\"et_pb_module et_d4_element et_pb_gallery et_pb_gallery_0  et_pb_bg_layout_light et_pb_gallery_grid\">\n\t\t\t\t<div class=\"et_pb_gallery_items et_pb_grid_items et_post_gallery clearfix\" data-per_page=\"8\"><div class=\"et_pb_gallery_item et_pb_grid_item et_pb_bg_layout_light et_pb_css_mix_blend_mode et_pb_gallery_item_0_0\"><div class=\"et_pb_gallery_image landscape\">\n\t\t\t\t\t<a href=\"https:\/\/www.patrizia.foundation\/wp-content\/uploads\/patrizia-sommerfest-2057.jpg\" title=\"patrizia-sommerfest-2057\">\n\t\t\t\t\t<img loading=\"lazy\" decoding=\"async\" width=\"400\" height=\"284\" src=\"https:\/\/www.patrizia.foundation\/wp-content\/uploads\/patrizia-sommerfest-2057-400x284.jpg\" alt=\"Event Sommerfest PATRIZIA Children Foundation 2019 f\u00fcr den Sponsor Circle - Teelicht mit Weinglas in rotem Abendlicht\" srcset=\"https:\/\/www.patrizia.foundation\/wp-content\/uploads\/patrizia-sommerfest-2057.jpg 479w, https:\/\/www.patrizia.foundation\/wp-content\/uploads\/patrizia-sommerfest-2057-400x284.jpg 480w\" sizes=\"(max-width:479px) 479px, 100vw\" class=\"wp-image-6500\" \/>\n\t\t\t\t\t<span class=\"et_overlay et_pb_inline_icon\" data-icon=\"&#x30;\"><\/span>\n\t\t\t\t<\/a>\n\t\t\t\t<\/div><\/div><div class=\"et_pb_gallery_item et_pb_grid_item et_pb_bg_layout_light et_pb_css_mix_blend_mode et_pb_gallery_item_0_1\"><div class=\"et_pb_gallery_image landscape\">\n\t\t\t\t\t<a href=\"https:\/\/www.patrizia.foundation\/wp-content\/uploads\/patrizia-sommerfest-1917.jpg\" title=\"patrizia-sommerfest-1917\">\n\t\t\t\t\t<img loading=\"lazy\" decoding=\"async\" width=\"400\" height=\"284\" src=\"https:\/\/www.patrizia.foundation\/wp-content\/uploads\/patrizia-sommerfest-1917-400x284.jpg\" alt=\"Event Sommerfest PATRIZIA Children Foundation 2019 f\u00fcr den Sponsor Circle - Wolfram Nieradzik erz\u00e4hlt seine Reiseerfahrungen\" srcset=\"https:\/\/www.patrizia.foundation\/wp-content\/uploads\/patrizia-sommerfest-1917.jpg 479w, https:\/\/www.patrizia.foundation\/wp-content\/uploads\/patrizia-sommerfest-1917-400x284.jpg 480w\" sizes=\"(max-width:479px) 479px, 100vw\" class=\"wp-image-6499\" \/>\n\t\t\t\t\t<span class=\"et_overlay et_pb_inline_icon\" data-icon=\"&#x30;\"><\/span>\n\t\t\t\t<\/a>\n\t\t\t\t<\/div><\/div><div class=\"et_pb_gallery_item et_pb_grid_item et_pb_bg_layout_light et_pb_css_mix_blend_mode et_pb_gallery_item_0_2\"><div class=\"et_pb_gallery_image landscape\">\n\t\t\t\t\t<a href=\"https:\/\/www.patrizia.foundation\/wp-content\/uploads\/patrizia-sommerfest-1799.jpg\" title=\"patrizia-sommerfest-1799\">\n\t\t\t\t\t<img loading=\"lazy\" decoding=\"async\" width=\"400\" height=\"284\" src=\"https:\/\/www.patrizia.foundation\/wp-content\/uploads\/patrizia-sommerfest-1799-400x284.jpg\" alt=\"Event Sommerfest PATRIZIA Children Foundation 2019 f\u00fcr den Sponsor Circle - G\u00e4ste sind gut gelaunt\" srcset=\"https:\/\/www.patrizia.foundation\/wp-content\/uploads\/patrizia-sommerfest-1799.jpg 479w, https:\/\/www.patrizia.foundation\/wp-content\/uploads\/patrizia-sommerfest-1799-400x284.jpg 480w\" sizes=\"(max-width:479px) 479px, 100vw\" class=\"wp-image-6498\" \/>\n\t\t\t\t\t<span class=\"et_overlay et_pb_inline_icon\" data-icon=\"&#x30;\"><\/span>\n\t\t\t\t<\/a>\n\t\t\t\t<\/div><\/div><div class=\"et_pb_gallery_item et_pb_grid_item et_pb_bg_layout_light et_pb_css_mix_blend_mode et_pb_gallery_item_0_3\"><div class=\"et_pb_gallery_image landscape\">\n\t\t\t\t\t<a href=\"https:\/\/www.patrizia.foundation\/wp-content\/uploads\/patrizia-sommerfest-1756.jpg\" title=\"patrizia-sommerfest-1756\">\n\t\t\t\t\t<img loading=\"lazy\" decoding=\"async\" width=\"400\" height=\"284\" src=\"https:\/\/www.patrizia.foundation\/wp-content\/uploads\/patrizia-sommerfest-1756-400x284.jpg\" alt=\"Event Sommerfest PATRIZIA Children Foundation 2019 f\u00fcr den Sponsor Circle - Klaus Schmitt h\u00f6rt dem Vortrag zu\" srcset=\"https:\/\/www.patrizia.foundation\/wp-content\/uploads\/patrizia-sommerfest-1756.jpg 479w, https:\/\/www.patrizia.foundation\/wp-content\/uploads\/patrizia-sommerfest-1756-400x284.jpg 480w\" sizes=\"(max-width:479px) 479px, 100vw\" class=\"wp-image-6497\" \/>\n\t\t\t\t\t<span class=\"et_overlay et_pb_inline_icon\" data-icon=\"&#x30;\"><\/span>\n\t\t\t\t<\/a>\n\t\t\t\t<\/div><\/div><div class=\"et_pb_gallery_item et_pb_grid_item et_pb_bg_layout_light et_pb_css_mix_blend_mode et_pb_gallery_item_0_4\"><div class=\"et_pb_gallery_image landscape\">\n\t\t\t\t\t<a href=\"https:\/\/www.patrizia.foundation\/wp-content\/uploads\/patrizia-sommerfest-1411.jpg\" title=\"patrizia-sommerfest-1411\">\n\t\t\t\t\t<img loading=\"lazy\" decoding=\"async\" width=\"400\" height=\"284\" src=\"https:\/\/www.patrizia.foundation\/wp-content\/uploads\/patrizia-sommerfest-1411-400x284.jpg\" alt=\"Event Sommerfest PATRIZIA Children Foundation 2019 f\u00fcr den Sponsor Circle - Handshake auf der Dachterrasse\" srcset=\"https:\/\/www.patrizia.foundation\/wp-content\/uploads\/patrizia-sommerfest-1411.jpg 479w, https:\/\/www.patrizia.foundation\/wp-content\/uploads\/patrizia-sommerfest-1411-400x284.jpg 480w\" sizes=\"(max-width:479px) 479px, 100vw\" class=\"wp-image-6495\" \/>\n\t\t\t\t\t<span class=\"et_overlay et_pb_inline_icon\" data-icon=\"&#x30;\"><\/span>\n\t\t\t\t<\/a>\n\t\t\t\t<\/div><\/div><div class=\"et_pb_gallery_item et_pb_grid_item et_pb_bg_layout_light et_pb_css_mix_blend_mode et_pb_gallery_item_0_5\"><div class=\"et_pb_gallery_image landscape\">\n\t\t\t\t\t<a href=\"https:\/\/www.patrizia.foundation\/wp-content\/uploads\/patrizia-sommerfest-1365.jpg\" title=\"patrizia-sommerfest-1365\">\n\t\t\t\t\t<img loading=\"lazy\" decoding=\"async\" width=\"400\" height=\"284\" src=\"https:\/\/www.patrizia.foundation\/wp-content\/uploads\/patrizia-sommerfest-1365-400x284.jpg\" alt=\"Event Sommerfest PATRIZIA Children Foundation 2019 f\u00fcr den Sponsor Circle - G\u00e4ste unterhalten sich vor dem Essen auf der Dachterrasse\" srcset=\"https:\/\/www.patrizia.foundation\/wp-content\/uploads\/patrizia-sommerfest-1365.jpg 479w, https:\/\/www.patrizia.foundation\/wp-content\/uploads\/patrizia-sommerfest-1365-400x284.jpg 480w\" sizes=\"(max-width:479px) 479px, 100vw\" class=\"wp-image-6494\" \/>\n\t\t\t\t\t<span class=\"et_overlay et_pb_inline_icon\" data-icon=\"&#x30;\"><\/span>\n\t\t\t\t<\/a>\n\t\t\t\t<\/div><\/div><div class=\"et_pb_gallery_item et_pb_grid_item et_pb_bg_layout_light et_pb_css_mix_blend_mode et_pb_gallery_item_0_6\"><div class=\"et_pb_gallery_image landscape\">\n\t\t\t\t\t<a href=\"https:\/\/www.patrizia.foundation\/wp-content\/uploads\/patrizia-sommerfest-1024.jpg\" title=\"patrizia-sommerfest-1024\">\n\t\t\t\t\t<img loading=\"lazy\" decoding=\"async\" width=\"400\" height=\"284\" src=\"https:\/\/www.patrizia.foundation\/wp-content\/uploads\/patrizia-sommerfest-1024-400x284.jpg\" alt=\"Event Sommerfest PATRIZIA Children Foundation 2019 f\u00fcr den Sponsor Circle - Ausblick Dachterrasse\" srcset=\"https:\/\/www.patrizia.foundation\/wp-content\/uploads\/patrizia-sommerfest-1024.jpg 479w, https:\/\/www.patrizia.foundation\/wp-content\/uploads\/patrizia-sommerfest-1024-400x284.jpg 480w\" sizes=\"(max-width:479px) 479px, 100vw\" class=\"wp-image-6492\" \/>\n\t\t\t\t\t<span class=\"et_overlay et_pb_inline_icon\" data-icon=\"&#x30;\"><\/span>\n\t\t\t\t<\/a>\n\t\t\t\t<\/div><\/div><div class=\"et_pb_gallery_item et_pb_grid_item et_pb_bg_layout_light et_pb_css_mix_blend_mode et_pb_gallery_item_0_7\"><div class=\"et_pb_gallery_image landscape\">\n\t\t\t\t\t<a href=\"https:\/\/www.patrizia.foundation\/wp-content\/uploads\/patrizia-sommerfest-1002.jpg\" title=\"patrizia-sommerfest-1002\">\n\t\t\t\t\t<img loading=\"lazy\" decoding=\"async\" width=\"400\" height=\"284\" src=\"https:\/\/www.patrizia.foundation\/wp-content\/uploads\/patrizia-sommerfest-1002-400x284.jpg\" alt=\"Event Sommerfest PATRIZIA Children Foundation 2019 f\u00fcr den Sponsor Circle - Dachterrasse geschm\u00fcckt bevor G\u00e4ste eintreffen\" srcset=\"https:\/\/www.patrizia.foundation\/wp-content\/uploads\/patrizia-sommerfest-1002.jpg 479w, https:\/\/www.patrizia.foundation\/wp-content\/uploads\/patrizia-sommerfest-1002-400x284.jpg 480w\" sizes=\"(max-width:479px) 479px, 100vw\" class=\"wp-image-6491\" \/>\n\t\t\t\t\t<span class=\"et_overlay et_pb_inline_icon\" data-icon=\"&#x30;\"><\/span>\n\t\t\t\t<\/a>\n\t\t\t\t<\/div><\/div><\/div><\/div>\n\t\t\t<\/div>\n\t\t\t\t\n\t\t\t\t\n\t\t\t\t\n\t\t\t\t\n\t\t\t<\/div><div class=\"et_d4_element et_pb_row et_pb_row_5  et_pb_css_mix_blend_mode et_block_row\">\n\t\t\t\t<div class=\"et_d4_element et_pb_column_4_4 et_pb_column et_pb_column_7  et_pb_css_mix_blend_mode et-last-child et_block_column\">\n\t\t\t\t\n\t\t\t\t\n\t\t\t\t\n\t\t\t\t\n\t\t\t\t<div class=\"et_pb_button_module_wrapper et_pb_button_0_wrapper et_pb_button_alignment_center et_pb_module \">\n\t\t\t\t<a class=\"et_pb_button et_d4_element et_pb_button_0 et_pb_bg_layout_dark et_block_module\" href=\"https:\/\/www.patrizia.foundation\/en\/donate\/\">Donate now<\/a>\n\t\t\t<\/div>\n\t\t\t<\/div>\n\t\t\t\t\n\t\t\t\t\n\t\t\t\t\n\t\t\t\t\n\t\t\t<\/div>\n\t\t\t\t\n\t\t\t\t\n\t\t\t<\/div>\n","protected":false},"excerpt":{"rendered":"","protected":false},"author":25,"featured_media":6493,"comment_status":"open","ping_status":"open","sticky":false,"template":"","format":"standard","meta":{"om_disable_all_campaigns":false,"inline_featured_image":false,"_et_pb_use_builder":"on","_et_pb_old_content":"","_et_gb_content_width":"","footnotes":""},"categories":[26],"tags":[],"class_list":["post-7683","post","type-post","status-publish","format-standard","has-post-thumbnail","hentry","category-events-en"],"yoast_head":"<!-- This site is optimized with the Yoast SEO plugin v28.3 - https:\/\/yoast.com\/product\/yoast-seo-wordpress\/ -->\n<title>First summer party of the PATRIZIA Foundation - Patrizia Foundation<\/title>\n<meta name=\"robots\" content=\"index, follow, max-snippet:-1, max-image-preview:large, max-video-preview:-1\" \/>\n<link rel=\"canonical\" href=\"https:\/\/www.patrizia.foundation\/en\/first-summer-party-of-the-patrizia-children-foundation\/\" \/>\n<meta property=\"og:locale\" content=\"en_US\" \/>\n<meta property=\"og:type\" content=\"article\" \/>\n<meta property=\"og:title\" content=\"First summer party of the PATRIZIA Foundation - Patrizia Foundation\" \/>\n<meta property=\"og:url\" content=\"https:\/\/www.patrizia.foundation\/en\/first-summer-party-of-the-patrizia-children-foundation\/\" \/>\n<meta property=\"og:site_name\" content=\"Patrizia Foundation\" \/>\n<meta property=\"article:published_time\" content=\"2019-07-09T18:06:58+00:00\" \/>\n<meta property=\"article:modified_time\" content=\"2022-05-20T13:12:51+00:00\" \/>\n<meta property=\"og:image\" content=\"https:\/\/www.patrizia.foundation\/wp-content\/uploads\/patrizia-sommerfest-1206.jpg\" \/>\n\t<meta property=\"og:image:width\" content=\"1400\" \/>\n\t<meta property=\"og:image:height\" content=\"931\" \/>\n\t<meta property=\"og:image:type\" content=\"image\/jpeg\" \/>\n<meta name=\"author\" content=\"Tobias Reiber\" \/>\n<meta name=\"twitter:card\" content=\"summary_large_image\" \/>\n<meta name=\"twitter:label1\" content=\"Written by\" \/>\n\t<meta name=\"twitter:data1\" content=\"Tobias Reiber\" \/>\n\t<meta name=\"twitter:label2\" content=\"Est. reading time\" \/>\n\t<meta name=\"twitter:data2\" content=\"3 minutes\" \/>\n<!-- \/ Yoast SEO plugin. -->","yoast_head_json":{"title":"First summer party of the PATRIZIA Foundation - Patrizia Foundation","robots":{"index":"index","follow":"follow","max-snippet":"max-snippet:-1","max-image-preview":"max-image-preview:large","max-video-preview":"max-video-preview:-1"},"canonical":"https:\/\/www.patrizia.foundation\/en\/first-summer-party-of-the-patrizia-children-foundation\/","og_locale":"en_US","og_type":"article","og_title":"First summer party of the PATRIZIA Foundation - Patrizia Foundation","og_url":"https:\/\/www.patrizia.foundation\/en\/first-summer-party-of-the-patrizia-children-foundation\/","og_site_name":"Patrizia Foundation","article_published_time":"2019-07-09T18:06:58+00:00","article_modified_time":"2022-05-20T13:12:51+00:00","og_image":[{"width":1400,"height":931,"url":"https:\/\/www.patrizia.foundation\/wp-content\/uploads\/patrizia-sommerfest-1206.jpg","type":"image\/jpeg"}],"author":"Tobias Reiber","twitter_card":"summary_large_image","twitter_misc":{"Written by":"Tobias Reiber","Est. reading time":"3 minutes"},"schema":{"@context":"https:\/\/schema.org","@graph":[{"@type":"Article","@id":"https:\/\/www.patrizia.foundation\/en\/first-summer-party-of-the-patrizia-children-foundation\/#article","isPartOf":{"@id":"https:\/\/www.patrizia.foundation\/en\/first-summer-party-of-the-patrizia-children-foundation\/"},"author":{"name":"Tobias Reiber","@id":"https:\/\/www.patrizia.foundation\/#\/schema\/person\/11bf4024e4927bf4640a56f914081ea3"},"headline":"First summer party of the PATRIZIA Foundation","datePublished":"2019-07-09T18:06:58+00:00","dateModified":"2022-05-20T13:12:51+00:00","mainEntityOfPage":{"@id":"https:\/\/www.patrizia.foundation\/en\/first-summer-party-of-the-patrizia-children-foundation\/"},"wordCount":649,"commentCount":0,"publisher":{"@id":"https:\/\/www.patrizia.foundation\/#organization"},"image":{"@id":"https:\/\/www.patrizia.foundation\/en\/first-summer-party-of-the-patrizia-children-foundation\/#primaryimage"},"thumbnailUrl":"https:\/\/www.patrizia.foundation\/wp-content\/uploads\/patrizia-sommerfest-1206.jpg","articleSection":["Events-EN"],"inLanguage":"en-US","potentialAction":[{"@type":"CommentAction","name":"Comment","target":["https:\/\/www.patrizia.foundation\/en\/first-summer-party-of-the-patrizia-children-foundation\/#respond"]}]},{"@type":"WebPage","@id":"https:\/\/www.patrizia.foundation\/en\/first-summer-party-of-the-patrizia-children-foundation\/","url":"https:\/\/www.patrizia.foundation\/en\/first-summer-party-of-the-patrizia-children-foundation\/","name":"First summer party of the PATRIZIA Foundation - Patrizia Foundation","isPartOf":{"@id":"https:\/\/www.patrizia.foundation\/#website"},"primaryImageOfPage":{"@id":"https:\/\/www.patrizia.foundation\/en\/first-summer-party-of-the-patrizia-children-foundation\/#primaryimage"},"image":{"@id":"https:\/\/www.patrizia.foundation\/en\/first-summer-party-of-the-patrizia-children-foundation\/#primaryimage"},"thumbnailUrl":"https:\/\/www.patrizia.foundation\/wp-content\/uploads\/patrizia-sommerfest-1206.jpg","datePublished":"2019-07-09T18:06:58+00:00","dateModified":"2022-05-20T13:12:51+00:00","breadcrumb":{"@id":"https:\/\/www.patrizia.foundation\/en\/first-summer-party-of-the-patrizia-children-foundation\/#breadcrumb"},"inLanguage":"en-US","potentialAction":[{"@type":"ReadAction","target":["https:\/\/www.patrizia.foundation\/en\/first-summer-party-of-the-patrizia-children-foundation\/"]}]},{"@type":"ImageObject","inLanguage":"en-US","@id":"https:\/\/www.patrizia.foundation\/en\/first-summer-party-of-the-patrizia-children-foundation\/#primaryimage","url":"https:\/\/www.patrizia.foundation\/wp-content\/uploads\/patrizia-sommerfest-1206.jpg","contentUrl":"https:\/\/www.patrizia.foundation\/wp-content\/uploads\/patrizia-sommerfest-1206.jpg","width":1400,"height":931,"caption":"Event Sommerfest PATRIZIA Foundation 2019 f\u00fcr den Sponsor Circle - G\u00e4ste unterhalten sich vor dem Essen auf der Dachterrasse mit Drinks"},{"@type":"BreadcrumbList","@id":"https:\/\/www.patrizia.foundation\/en\/first-summer-party-of-the-patrizia-children-foundation\/#breadcrumb","itemListElement":[{"@type":"ListItem","position":1,"name":"Startseite","item":"https:\/\/www.patrizia.foundation\/en\/"},{"@type":"ListItem","position":2,"name":"First summer party of the PATRIZIA Foundation"}]},{"@type":"WebSite","@id":"https:\/\/www.patrizia.foundation\/#website","url":"https:\/\/www.patrizia.foundation\/","name":"Patrizia Foundation","description":"","publisher":{"@id":"https:\/\/www.patrizia.foundation\/#organization"},"potentialAction":[{"@type":"SearchAction","target":{"@type":"EntryPoint","urlTemplate":"https:\/\/www.patrizia.foundation\/?s={search_term_string}"},"query-input":{"@type":"PropertyValueSpecification","valueRequired":true,"valueName":"search_term_string"}}],"inLanguage":"en-US"},{"@type":"Organization","@id":"https:\/\/www.patrizia.foundation\/#organization","name":"PATRIZIA Foundation","url":"https:\/\/www.patrizia.foundation\/","logo":{"@type":"ImageObject","inLanguage":"en-US","@id":"https:\/\/www.patrizia.foundation\/#\/schema\/logo\/image\/","url":"https:\/\/www.patrizia.foundation\/wp-content\/uploads\/PatriziaFoundation-header-animation.gif","contentUrl":"https:\/\/www.patrizia.foundation\/wp-content\/uploads\/PatriziaFoundation-header-animation.gif","width":1080,"height":712,"caption":"PATRIZIA Foundation"},"image":{"@id":"https:\/\/www.patrizia.foundation\/#\/schema\/logo\/image\/"}},{"@type":"Person","@id":"https:\/\/www.patrizia.foundation\/#\/schema\/person\/11bf4024e4927bf4640a56f914081ea3","name":"Tobias Reiber"}]}},"_links":{"self":[{"href":"https:\/\/www.patrizia.foundation\/en\/wp-json\/wp\/v2\/posts\/7683","targetHints":{"allow":["GET"]}}],"collection":[{"href":"https:\/\/www.patrizia.foundation\/en\/wp-json\/wp\/v2\/posts"}],"about":[{"href":"https:\/\/www.patrizia.foundation\/en\/wp-json\/wp\/v2\/types\/post"}],"author":[{"embeddable":true,"href":"https:\/\/www.patrizia.foundation\/en\/wp-json\/wp\/v2\/users\/25"}],"replies":[{"embeddable":true,"href":"https:\/\/www.patrizia.foundation\/en\/wp-json\/wp\/v2\/comments?post=7683"}],"version-history":[{"count":0,"href":"https:\/\/www.patrizia.foundation\/en\/wp-json\/wp\/v2\/posts\/7683\/revisions"}],"wp:featuredmedia":[{"embeddable":true,"href":"https:\/\/www.patrizia.foundation\/en\/wp-json\/wp\/v2\/media\/6493"}],"wp:attachment":[{"href":"https:\/\/www.patrizia.foundation\/en\/wp-json\/wp\/v2\/media?parent=7683"}],"wp:term":[{"taxonomy":"category","embeddable":true,"href":"https:\/\/www.patrizia.foundation\/en\/wp-json\/wp\/v2\/categories?post=7683"},{"taxonomy":"post_tag","embeddable":true,"href":"https:\/\/www.patrizia.foundation\/en\/wp-json\/wp\/v2\/tags?post=7683"}],"curies":[{"name":"wp","href":"https:\/\/api.w.org\/{rel}","templated":true}]}}