{"id":8311,"date":"2019-03-17T12:40:14","date_gmt":"2019-03-17T11:40:14","guid":{"rendered":"https:\/\/www.patrizia.foundation\/the-patrizia-children-foundations-spring-brunch-2019\/"},"modified":"2022-05-20T15:57:53","modified_gmt":"2022-05-20T13:57:53","slug":"the-patrizia-children-foundations-spring-brunch-2019","status":"publish","type":"post","link":"https:\/\/www.patrizia.foundation\/en\/the-patrizia-children-foundations-spring-brunch-2019\/","title":{"rendered":"The PATRIZIA Foundations Spring Brunch 2019"},"content":{"rendered":"<div class=\"et_d4_element et_pb_section et_pb_section_0  et_pb_css_mix_blend_mode et_section_regular et_block_section\" >\n\t\t\t\t\n\t\t\t\t\n\t\t\t\t\n\t\t\t\t\n\t\t\t\t\n\t\t\t\t\n\t\t\t\t<div class=\"et_d4_element et_pb_row et_pb_row_0  et_pb_css_mix_blend_mode et_block_row\">\n\t\t\t\t<div class=\"et_d4_element et_pb_column_4_4 et_pb_column et_pb_column_0  et_pb_css_mix_blend_mode et-last-child et_block_column\">\n\t\t\t\t\n\t\t\t\t\n\t\t\t\t\n\t\t\t\t\n\t\t\t\t<div class=\"et_pb_module et_d4_element et_pb_text et_pb_text_0  et_pb_text_align_left et_pb_bg_layout_light\">\n\t\t\t\t\n\t\t\t\t\n\t\t\t\t\n\t\t\t\t\n\t\t\t\t<div class=\"et_pb_text_inner\"><strong>The spring brunch in Hamburg kicked off a series of sponsorship events on March 20, 2019. In addition to representatives of the PATRIZIA Foundation, Karim Bohn, Chief Financial Officer of PATRIZIA Immobilien AG, and other representatives of PATRIZIA also attended the top-class event. The focus was on the video message from the founder of the PATRIZIA Foundation, Wolfgang Egger, on the foundation's 20th anniversary.<\/strong><\/div>\n\t\t\t<\/div><div class=\"et_pb_module et_d4_element et_pb_text et_pb_text_1  et_pb_text_align_left et_pb_bg_layout_light\">\n\t\t\t\t\n\t\t\t\t\n\t\t\t\t\n\t\t\t\t\n\t\t\t\t<div class=\"et_pb_text_inner\"><p>The former Managing Director of the PATRIZIA Foundation provided the guests from the Sponsor Circle with up-to-date information on the Foundation's ongoing projects. Our sponsor Norton Rose Fulbright reported on the value of his membership in the Sponsor Circle of the PATRIZIA Foundation for his own company and impressively illustrated the concrete support for the PATRIZIA Kinderhaus facility in Zimbabwe.<\/p>\n<p>This event starts a series of activities related to the 20th anniversary of the PATRIZIA Foundation. This includes further events and campaigns that are intended to make the idea and the basic idea of the foundation - to give as many children as possible access to education - a wider audience. Follow the further reporting!<\/p><\/div>\n\t\t\t<\/div><div class=\"et_pb_module et_d4_element et_pb_text et_pb_text_2  et_pb_text_align_left et_pb_bg_layout_light\">\n\t\t\t\t\n\t\t\t\t\n\t\t\t\t\n\t\t\t\t\n\t\t\t\t<div class=\"et_pb_text_inner\"><h2><span style=\"font-family: 'EB Garamond Regular'; font-weight: normal;\">Impressions<\/span><\/h2><\/div>\n\t\t\t<\/div><div class=\"et_pb_module et_d4_element et_pb_gallery et_pb_gallery_0  et_pb_bg_layout_light et_pb_gallery_grid\">\n\t\t\t\t<div class=\"et_pb_gallery_items et_pb_grid_items et_post_gallery clearfix\" data-per_page=\"4\"><div class=\"et_pb_gallery_item et_pb_grid_item et_pb_bg_layout_light et_pb_css_mix_blend_mode et_pb_gallery_item_0_0\"><div class=\"et_pb_gallery_image landscape\">\n\t\t\t\t\t<a href=\"https:\/\/www.patrizia.foundation\/wp-content\/uploads\/fr\u00fchjahrsbrunch-PCF-feuerriegel.jpg\" title=\"fr\u00fchjahrsbrunch-PCF-feuerriegel\">\n\t\t\t\t\t<img loading=\"lazy\" decoding=\"async\" width=\"400\" height=\"284\" src=\"https:\/\/www.patrizia.foundation\/wp-content\/uploads\/fr\u00fchjahrsbrunch-PCF-feuerriegel-400x284.jpg\" alt=\"Event Fr\u00fchjarsbrunch 2019 in Hamburg - Dr. Stefan Feuerriegel pr\u00e4sentiert\" srcset=\"https:\/\/www.patrizia.foundation\/wp-content\/uploads\/fr\u00fchjahrsbrunch-PCF-feuerriegel.jpg 479w, https:\/\/www.patrizia.foundation\/wp-content\/uploads\/fr\u00fchjahrsbrunch-PCF-feuerriegel-400x284.jpg 480w\" sizes=\"(max-width:479px) 479px, 100vw\" class=\"wp-image-6195\" \/>\n\t\t\t\t\t<span class=\"et_overlay et_pb_inline_icon\" data-icon=\"&#x30;\"><\/span>\n\t\t\t\t<\/a>\n\t\t\t\t<\/div><\/div><div class=\"et_pb_gallery_item et_pb_grid_item et_pb_bg_layout_light et_pb_css_mix_blend_mode et_pb_gallery_item_0_1\"><div class=\"et_pb_gallery_image landscape\">\n\t\t\t\t\t<a href=\"https:\/\/www.patrizia.foundation\/wp-content\/uploads\/fr\u00fchjahrsbrunch-crowd.jpg\" title=\"fr\u00fchjahrsbrunch-crowd\">\n\t\t\t\t\t<img loading=\"lazy\" decoding=\"async\" width=\"400\" height=\"284\" src=\"https:\/\/www.patrizia.foundation\/wp-content\/uploads\/fr\u00fchjahrsbrunch-crowd-400x284.jpg\" alt=\"Event Fr\u00fchjarsbrunch 2019 in Hamburg - Karim Bohn klatscht\" srcset=\"https:\/\/www.patrizia.foundation\/wp-content\/uploads\/fr\u00fchjahrsbrunch-crowd.jpg 479w, https:\/\/www.patrizia.foundation\/wp-content\/uploads\/fr\u00fchjahrsbrunch-crowd-400x284.jpg 480w\" sizes=\"(max-width:479px) 479px, 100vw\" class=\"wp-image-6192\" \/>\n\t\t\t\t\t<span class=\"et_overlay et_pb_inline_icon\" data-icon=\"&#x30;\"><\/span>\n\t\t\t\t<\/a>\n\t\t\t\t<\/div><\/div><div class=\"et_pb_gallery_item et_pb_grid_item et_pb_bg_layout_light et_pb_css_mix_blend_mode et_pb_gallery_item_0_2\"><div class=\"et_pb_gallery_image landscape\">\n\t\t\t\t\t<a href=\"https:\/\/www.patrizia.foundation\/wp-content\/uploads\/fr\u00fchjahrsbrunch-talk.jpg\" title=\"fr\u00fchjahrsbrunch-talk\">\n\t\t\t\t\t<img loading=\"lazy\" decoding=\"async\" width=\"400\" height=\"284\" src=\"https:\/\/www.patrizia.foundation\/wp-content\/uploads\/fr\u00fchjahrsbrunch-talk-400x284.jpg\" alt=\"Event Fr\u00fchjarsbrunch 2019 in Hamburg\" srcset=\"https:\/\/www.patrizia.foundation\/wp-content\/uploads\/fr\u00fchjahrsbrunch-talk.jpg 479w, https:\/\/www.patrizia.foundation\/wp-content\/uploads\/fr\u00fchjahrsbrunch-talk-400x284.jpg 480w\" sizes=\"(max-width:479px) 479px, 100vw\" class=\"wp-image-6197\" \/>\n\t\t\t\t\t<span class=\"et_overlay et_pb_inline_icon\" data-icon=\"&#x30;\"><\/span>\n\t\t\t\t<\/a>\n\t\t\t\t<\/div><\/div><\/div><\/div><div class=\"et_pb_button_module_wrapper et_pb_button_0_wrapper et_pb_button_alignment_center et_pb_module \">\n\t\t\t\t<a class=\"et_pb_button et_d4_element et_pb_button_0 et_pb_bg_layout_dark et_block_module\" href=\"https:\/\/www.patrizia.foundation\/en\/donate\/\">Donate now<\/a>\n\t\t\t<\/div>\n\t\t\t<\/div>\n\t\t\t\t\n\t\t\t\t\n\t\t\t\t\n\t\t\t\t\n\t\t\t<\/div>\n\t\t\t\t\n\t\t\t\t\n\t\t\t<\/div>\n","protected":false},"excerpt":{"rendered":"","protected":false},"author":25,"featured_media":6193,"comment_status":"open","ping_status":"open","sticky":false,"template":"","format":"standard","meta":{"om_disable_all_campaigns":false,"inline_featured_image":false,"_et_pb_use_builder":"on","_et_pb_old_content":"","_et_gb_content_width":"","footnotes":""},"categories":[26],"tags":[],"class_list":["post-8311","post","type-post","status-publish","format-standard","has-post-thumbnail","hentry","category-events-en"],"yoast_head":"<!-- This site is optimized with the Yoast SEO plugin v28.3 - https:\/\/yoast.com\/product\/yoast-seo-wordpress\/ -->\n<title>The PATRIZIA Foundations Spring Brunch 2019 - Patrizia Foundation<\/title>\n<meta name=\"robots\" content=\"index, follow, max-snippet:-1, max-image-preview:large, max-video-preview:-1\" \/>\n<link rel=\"canonical\" href=\"https:\/\/www.patrizia.foundation\/en\/the-patrizia-children-foundations-spring-brunch-2019\/\" \/>\n<meta property=\"og:locale\" content=\"en_US\" \/>\n<meta property=\"og:type\" content=\"article\" \/>\n<meta property=\"og:title\" content=\"The PATRIZIA Foundations Spring Brunch 2019 - Patrizia Foundation\" \/>\n<meta property=\"og:url\" content=\"https:\/\/www.patrizia.foundation\/en\/the-patrizia-children-foundations-spring-brunch-2019\/\" \/>\n<meta property=\"og:site_name\" content=\"Patrizia Foundation\" \/>\n<meta property=\"article:published_time\" content=\"2019-03-17T11:40:14+00:00\" \/>\n<meta property=\"article:modified_time\" content=\"2022-05-20T13:57:53+00:00\" \/>\n<meta property=\"og:image\" content=\"https:\/\/www.patrizia.foundation\/wp-content\/uploads\/fr\u00fchjahrsbrunch-PCF-B\u00fchne-e1553788796706.jpg\" \/>\n\t<meta property=\"og:image:width\" content=\"1400\" \/>\n\t<meta property=\"og:image:height\" content=\"577\" \/>\n\t<meta property=\"og:image:type\" content=\"image\/jpeg\" \/>\n<meta name=\"author\" content=\"Tobias Reiber\" \/>\n<meta name=\"twitter:card\" content=\"summary_large_image\" \/>\n<meta name=\"twitter:label1\" content=\"Written by\" \/>\n\t<meta name=\"twitter:data1\" content=\"Tobias Reiber\" \/>\n\t<meta name=\"twitter:label2\" content=\"Est. reading time\" \/>\n\t<meta name=\"twitter:data2\" content=\"2 minutes\" \/>\n<!-- \/ Yoast SEO plugin. -->","yoast_head_json":{"title":"The PATRIZIA Foundations Spring Brunch 2019 - Patrizia Foundation","robots":{"index":"index","follow":"follow","max-snippet":"max-snippet:-1","max-image-preview":"max-image-preview:large","max-video-preview":"max-video-preview:-1"},"canonical":"https:\/\/www.patrizia.foundation\/en\/the-patrizia-children-foundations-spring-brunch-2019\/","og_locale":"en_US","og_type":"article","og_title":"The PATRIZIA Foundations Spring Brunch 2019 - Patrizia Foundation","og_url":"https:\/\/www.patrizia.foundation\/en\/the-patrizia-children-foundations-spring-brunch-2019\/","og_site_name":"Patrizia Foundation","article_published_time":"2019-03-17T11:40:14+00:00","article_modified_time":"2022-05-20T13:57:53+00:00","og_image":[{"width":1400,"height":577,"url":"https:\/\/www.patrizia.foundation\/wp-content\/uploads\/fr\u00fchjahrsbrunch-PCF-B\u00fchne-e1553788796706.jpg","type":"image\/jpeg"}],"author":"Tobias Reiber","twitter_card":"summary_large_image","twitter_misc":{"Written by":"Tobias Reiber","Est. reading time":"2 minutes"},"schema":{"@context":"https:\/\/schema.org","@graph":[{"@type":"Article","@id":"https:\/\/www.patrizia.foundation\/en\/the-patrizia-children-foundations-spring-brunch-2019\/#article","isPartOf":{"@id":"https:\/\/www.patrizia.foundation\/en\/the-patrizia-children-foundations-spring-brunch-2019\/"},"author":{"name":"Tobias Reiber","@id":"https:\/\/www.patrizia.foundation\/#\/schema\/person\/11bf4024e4927bf4640a56f914081ea3"},"headline":"The PATRIZIA Foundations Spring Brunch 2019","datePublished":"2019-03-17T11:40:14+00:00","dateModified":"2022-05-20T13:57:53+00:00","mainEntityOfPage":{"@id":"https:\/\/www.patrizia.foundation\/en\/the-patrizia-children-foundations-spring-brunch-2019\/"},"wordCount":342,"commentCount":0,"publisher":{"@id":"https:\/\/www.patrizia.foundation\/#organization"},"image":{"@id":"https:\/\/www.patrizia.foundation\/en\/the-patrizia-children-foundations-spring-brunch-2019\/#primaryimage"},"thumbnailUrl":"https:\/\/www.patrizia.foundation\/wp-content\/uploads\/fr\u00fchjahrsbrunch-PCF-B\u00fchne-e1553788796706.jpg","articleSection":["Events-EN"],"inLanguage":"en-US","potentialAction":[{"@type":"CommentAction","name":"Comment","target":["https:\/\/www.patrizia.foundation\/en\/the-patrizia-children-foundations-spring-brunch-2019\/#respond"]}]},{"@type":"WebPage","@id":"https:\/\/www.patrizia.foundation\/en\/the-patrizia-children-foundations-spring-brunch-2019\/","url":"https:\/\/www.patrizia.foundation\/en\/the-patrizia-children-foundations-spring-brunch-2019\/","name":"The PATRIZIA Foundations Spring Brunch 2019 - Patrizia Foundation","isPartOf":{"@id":"https:\/\/www.patrizia.foundation\/#website"},"primaryImageOfPage":{"@id":"https:\/\/www.patrizia.foundation\/en\/the-patrizia-children-foundations-spring-brunch-2019\/#primaryimage"},"image":{"@id":"https:\/\/www.patrizia.foundation\/en\/the-patrizia-children-foundations-spring-brunch-2019\/#primaryimage"},"thumbnailUrl":"https:\/\/www.patrizia.foundation\/wp-content\/uploads\/fr\u00fchjahrsbrunch-PCF-B\u00fchne-e1553788796706.jpg","datePublished":"2019-03-17T11:40:14+00:00","dateModified":"2022-05-20T13:57:53+00:00","breadcrumb":{"@id":"https:\/\/www.patrizia.foundation\/en\/the-patrizia-children-foundations-spring-brunch-2019\/#breadcrumb"},"inLanguage":"en-US","potentialAction":[{"@type":"ReadAction","target":["https:\/\/www.patrizia.foundation\/en\/the-patrizia-children-foundations-spring-brunch-2019\/"]}]},{"@type":"ImageObject","inLanguage":"en-US","@id":"https:\/\/www.patrizia.foundation\/en\/the-patrizia-children-foundations-spring-brunch-2019\/#primaryimage","url":"https:\/\/www.patrizia.foundation\/wp-content\/uploads\/fr\u00fchjahrsbrunch-PCF-B\u00fchne-e1553788796706.jpg","contentUrl":"https:\/\/www.patrizia.foundation\/wp-content\/uploads\/fr\u00fchjahrsbrunch-PCF-B\u00fchne-e1553788796706.jpg","width":1400,"height":577,"caption":"Event Fr\u00fchjarsbrunch 2019 in Hamburg - Pr\u00e4sentation"},{"@type":"BreadcrumbList","@id":"https:\/\/www.patrizia.foundation\/en\/the-patrizia-children-foundations-spring-brunch-2019\/#breadcrumb","itemListElement":[{"@type":"ListItem","position":1,"name":"Startseite","item":"https:\/\/www.patrizia.foundation\/en\/"},{"@type":"ListItem","position":2,"name":"The PATRIZIA Foundations Spring Brunch 2019"}]},{"@type":"WebSite","@id":"https:\/\/www.patrizia.foundation\/#website","url":"https:\/\/www.patrizia.foundation\/","name":"Patrizia Foundation","description":"","publisher":{"@id":"https:\/\/www.patrizia.foundation\/#organization"},"potentialAction":[{"@type":"SearchAction","target":{"@type":"EntryPoint","urlTemplate":"https:\/\/www.patrizia.foundation\/?s={search_term_string}"},"query-input":{"@type":"PropertyValueSpecification","valueRequired":true,"valueName":"search_term_string"}}],"inLanguage":"en-US"},{"@type":"Organization","@id":"https:\/\/www.patrizia.foundation\/#organization","name":"PATRIZIA Foundation","url":"https:\/\/www.patrizia.foundation\/","logo":{"@type":"ImageObject","inLanguage":"en-US","@id":"https:\/\/www.patrizia.foundation\/#\/schema\/logo\/image\/","url":"https:\/\/www.patrizia.foundation\/wp-content\/uploads\/PatriziaFoundation-header-animation.gif","contentUrl":"https:\/\/www.patrizia.foundation\/wp-content\/uploads\/PatriziaFoundation-header-animation.gif","width":1080,"height":712,"caption":"PATRIZIA Foundation"},"image":{"@id":"https:\/\/www.patrizia.foundation\/#\/schema\/logo\/image\/"}},{"@type":"Person","@id":"https:\/\/www.patrizia.foundation\/#\/schema\/person\/11bf4024e4927bf4640a56f914081ea3","name":"Tobias Reiber"}]}},"_links":{"self":[{"href":"https:\/\/www.patrizia.foundation\/en\/wp-json\/wp\/v2\/posts\/8311","targetHints":{"allow":["GET"]}}],"collection":[{"href":"https:\/\/www.patrizia.foundation\/en\/wp-json\/wp\/v2\/posts"}],"about":[{"href":"https:\/\/www.patrizia.foundation\/en\/wp-json\/wp\/v2\/types\/post"}],"author":[{"embeddable":true,"href":"https:\/\/www.patrizia.foundation\/en\/wp-json\/wp\/v2\/users\/25"}],"replies":[{"embeddable":true,"href":"https:\/\/www.patrizia.foundation\/en\/wp-json\/wp\/v2\/comments?post=8311"}],"version-history":[{"count":0,"href":"https:\/\/www.patrizia.foundation\/en\/wp-json\/wp\/v2\/posts\/8311\/revisions"}],"wp:featuredmedia":[{"embeddable":true,"href":"https:\/\/www.patrizia.foundation\/en\/wp-json\/wp\/v2\/media\/6193"}],"wp:attachment":[{"href":"https:\/\/www.patrizia.foundation\/en\/wp-json\/wp\/v2\/media?parent=8311"}],"wp:term":[{"taxonomy":"category","embeddable":true,"href":"https:\/\/www.patrizia.foundation\/en\/wp-json\/wp\/v2\/categories?post=8311"},{"taxonomy":"post_tag","embeddable":true,"href":"https:\/\/www.patrizia.foundation\/en\/wp-json\/wp\/v2\/tags?post=8311"}],"curies":[{"name":"wp","href":"https:\/\/api.w.org\/{rel}","templated":true}]}}